{"id":7386,"date":"2021-10-15T14:47:50","date_gmt":"2021-10-15T17:47:50","guid":{"rendered":"https:\/\/vde.utalca.cl\/?p=7386"},"modified":"2025-05-29T22:05:16","modified_gmt":"2025-05-30T01:05:16","slug":"utalinos-as-lideran-inscripciones-en-concurso-de-los-ods","status":"publish","type":"post","link":"https:\/\/vde.utalca.cl\/?p=7386","title":{"rendered":"Utalinos\/as lideran inscripciones en concurso de los ODS"},"content":{"rendered":"\t\t<div data-elementor-type=\"wp-post\" data-elementor-id=\"7386\" class=\"elementor elementor-7386\" data-elementor-post-type=\"post\">\n\t\t\t\t\t\t<section class=\"elementor-section elementor-top-section elementor-element elementor-element-8c75e12 elementor-section-boxed elementor-section-height-default elementor-section-height-default\" data-id=\"8c75e12\" data-element_type=\"section\" data-e-type=\"section\">\n\t\t\t\t\t\t<div class=\"elementor-container elementor-column-gap-default\">\n\t\t\t\t\t<div class=\"elementor-column elementor-col-100 elementor-top-column elementor-element elementor-element-8a3042b\" data-id=\"8a3042b\" data-element_type=\"column\" data-e-type=\"column\">\n\t\t\t<div class=\"elementor-widget-wrap elementor-element-populated\">\n\t\t\t\t\t\t<div class=\"elementor-element elementor-element-cc96839 elementor-widget elementor-widget-text-editor\" data-id=\"cc96839\" data-element_type=\"widget\" data-e-type=\"widget\" data-widget_type=\"text-editor.default\">\n\t\t\t\t<div class=\"elementor-widget-container\">\n\t\t\t\t\t\t\t\t\t<p>Alumnos\/as de la Universidad de Talca lideran a nivel nacional las postulaciones al Programa Explorer, iniciativa del Banco Santander que por primera vez en Chile abri\u00f3 la posibilidad para que j\u00f3venes emprendedores presenten ideas que ayuden a avanzar en el cumplimiento de alguno de los 17 Objetivos de Desarrollo Sostenible (ODS) 2030.<\/p><p>La vicerrectora (s) de Desarrollo Estudiantil, Sandra Chamorro, destac\u00f3 que este alto nivel de participaci\u00f3n refleja el compromiso que existe tanto en la Corporaci\u00f3n como en sus alumnos\/as con la puesta en marcha de estrategias que apunten a un crecimiento integral.<\/p><p>En ese orden, record\u00f3 que, a fin de impulsar el desarrollo de competencias transversales, a lo largo del proceso formativo la Universidad promueve el desarrollo de emprendimientos de distinta naturaleza a trav\u00e9s de la Direcci\u00f3n de Apoyo a Organizaciones e Iniciativas Estudiantiles (DAOI).<\/p><p>Por ello Chamorro hizo un llamado a participar de esta convocatoria, que, subray\u00f3, est\u00e1 en l\u00ednea con \u201cla importancia que le damos a las iniciativas y a los negocios sostenibles\u201d.<\/p><p>La autoridad se\u00f1al\u00f3 que quienes est\u00e9n interesados en desarrollar este como otro tipo de proyectos pueden acudir a la DAOI. \u201cSe apoya a quienes tengan alguna iniciativa y se les acompa\u00f1a en la postulaci\u00f3n a diversos concursos internos o externos de los cuales la Universidad participe\u201d, coment\u00f3.<\/p><p>En esa l\u00ednea, la directora de la DAOI, Javiera Montecinos, observ\u00f3 que la numerosa presencia utalina en la convocatoria de Explorer \u201cdemuestra claramente que hay inter\u00e9s de nuestros\/as estudiantes de realizar actividades de emprendimiento y eso es s\u00faper destacable. Quieren hacer algo m\u00e1s y estamos muy contentos por eso\u201d.<\/p><p>Las postulaciones al Programa (<a href=\"http:\/\/www.explorerbyx.org\/\">www.explorerbyx.org<\/a>), que adem\u00e1s cuentan con el apoyo de la Vicerrector\u00eda de Innovaci\u00f3n, est\u00e1n abiertas hasta el pr\u00f3ximo 12 de agosto.<\/p><p>Cabe mencionar que en los once a\u00f1os que el Programa lleva en ejecuci\u00f3n ha capacitado a m\u00e1s de diez mil estudiantes de Espa\u00f1a y Argentina. En esta doceava versi\u00f3n abri\u00f3 el llamado para j\u00f3venes de Chile y M\u00e9xico.<\/p><p><strong>Soluciones globales<\/strong><\/p><p>Quienes resulten seleccionados ser\u00e1n parte de un curso que, durante doce semanas y v\u00eda online, les entregar\u00e1 herramientas para trabajar su proyecto y transformarlo en una soluci\u00f3n que contribuya al cumplimiento de los ODS 2030.<\/p><p>Los diez equipos m\u00e1s destacados de Chile, M\u00e9xico, Argentina y Espa\u00f1a viajar\u00e1n durante una semana a Oporto, Portugal, para participar del European Innovation Academy que se efectuar\u00e1 en julio de 2022.<\/p><p>La directora de Apoyo a Organizaciones e Iniciativas Estudiantiles inst\u00f3 los estudiantes a participar de la iniciativa ya que, junto con aportar a la b\u00fasqueda de soluciones para problem\u00e1ticas globales, \u201cles abre un mundo posibilidades, ya que los ganadores podr\u00e1n interactuar con personas de otros pa\u00edses, de certificar su idea y contribuir a los ODS\u201d.<\/p>\t\t\t\t\t\t\t\t<\/div>\n\t\t\t\t<\/div>\n\t\t\t\t\t<\/div>\n\t\t<\/div>\n\t\t\t\t\t<\/div>\n\t\t<\/section>\n\t\t\t\t<\/div>\n\t\t","protected":false},"excerpt":{"rendered":"<p>Alumnos\/as de la Universidad de Talca lideran a nivel nacional las postulaciones al Programa Explorer, iniciativa del Banco Santander que por primera vez en Chile abri\u00f3 la posibilidad para que j\u00f3venes emprendedores presenten ideas que ayuden a avanzar en el <\/p>\n","protected":false},"author":1,"featured_media":7375,"comment_status":"closed","ping_status":"open","sticky":false,"template":"","format":"standard","meta":{"pmpro_default_level":"","footnotes":""},"categories":[1],"tags":[],"class_list":["post-7386","post","type-post","status-publish","format-standard","has-post-thumbnail","hentry","category-noticias","pmpro-has-access"],"yoast_head":"<!-- This site is optimized with the Yoast SEO plugin v28.3 - https:\/\/yoast.com\/product\/yoast-seo-wordpress\/ -->\n<title>Utalinos\/as lideran inscripciones en concurso de los ODS - Vicerrector\u00eda de Desarrollo Estudiantil<\/title>\n<meta name=\"robots\" content=\"index, follow, max-snippet:-1, max-image-preview:large, max-video-preview:-1\" \/>\n<link rel=\"canonical\" href=\"https:\/\/vde.utalca.cl\/?p=7386\" \/>\n<meta property=\"og:locale\" content=\"es_ES\" \/>\n<meta property=\"og:type\" content=\"article\" \/>\n<meta property=\"og:title\" content=\"Utalinos\/as lideran inscripciones en concurso de los ODS - Vicerrector\u00eda de Desarrollo Estudiantil\" \/>\n<meta property=\"og:description\" content=\"Alumnos\/as de la Universidad de Talca lideran a nivel nacional las postulaciones al Programa Explorer, iniciativa del Banco Santander que por primera vez en Chile abri\u00f3 la posibilidad para que j\u00f3venes emprendedores presenten ideas que ayuden a avanzar en el\" \/>\n<meta property=\"og:url\" content=\"https:\/\/vde.utalca.cl\/?p=7386\" \/>\n<meta property=\"og:site_name\" content=\"Vicerrector\u00eda de Desarrollo Estudiantil\" \/>\n<meta property=\"article:published_time\" content=\"2021-10-15T17:47:50+00:00\" \/>\n<meta property=\"article:modified_time\" content=\"2025-05-30T01:05:16+00:00\" \/>\n<meta property=\"og:image\" content=\"https:\/\/vde.utalca.cl\/wp-content\/uploads\/2021\/03\/noticia3.png\" \/>\n\t<meta property=\"og:image:width\" content=\"364\" \/>\n\t<meta property=\"og:image:height\" content=\"290\" \/>\n\t<meta property=\"og:image:type\" content=\"image\/png\" \/>\n<meta name=\"author\" content=\"comunicaciones\" \/>\n<meta name=\"twitter:card\" content=\"summary_large_image\" \/>\n<meta name=\"twitter:label1\" content=\"Escrito por\" \/>\n\t<meta name=\"twitter:data1\" content=\"comunicaciones\" \/>\n\t<meta name=\"twitter:label2\" content=\"Tiempo estimado de lectura\" \/>\n\t<meta name=\"twitter:data2\" content=\"2 minutos\" \/>\n<script type=\"application\/ld+json\" class=\"yoast-schema-graph\">{\"@context\":\"https:\\\/\\\/schema.org\",\"@graph\":[{\"@type\":\"Article\",\"@id\":\"https:\\\/\\\/vde.utalca.cl\\\/?p=7386#article\",\"isPartOf\":{\"@id\":\"https:\\\/\\\/vde.utalca.cl\\\/?p=7386\"},\"author\":{\"name\":\"comunicaciones\",\"@id\":\"https:\\\/\\\/vde.utalca.cl\\\/#\\\/schema\\\/person\\\/e8cf0bbae2d3581ba7f66b91f0eacb3f\"},\"headline\":\"Utalinos\\\/as lideran inscripciones en concurso de los ODS\",\"datePublished\":\"2021-10-15T17:47:50+00:00\",\"dateModified\":\"2025-05-30T01:05:16+00:00\",\"mainEntityOfPage\":{\"@id\":\"https:\\\/\\\/vde.utalca.cl\\\/?p=7386\"},\"wordCount\":493,\"publisher\":{\"@id\":\"https:\\\/\\\/vde.utalca.cl\\\/#organization\"},\"image\":{\"@id\":\"https:\\\/\\\/vde.utalca.cl\\\/?p=7386#primaryimage\"},\"thumbnailUrl\":\"https:\\\/\\\/vde.utalca.cl\\\/wp-content\\\/uploads\\\/2021\\\/03\\\/noticia3.png\",\"articleSection\":[\"Noticias\"],\"inLanguage\":\"es-CL\"},{\"@type\":\"WebPage\",\"@id\":\"https:\\\/\\\/vde.utalca.cl\\\/?p=7386\",\"url\":\"https:\\\/\\\/vde.utalca.cl\\\/?p=7386\",\"name\":\"Utalinos\\\/as lideran inscripciones en concurso de los ODS - Vicerrector\u00eda de Desarrollo Estudiantil\",\"isPartOf\":{\"@id\":\"https:\\\/\\\/vde.utalca.cl\\\/#website\"},\"primaryImageOfPage\":{\"@id\":\"https:\\\/\\\/vde.utalca.cl\\\/?p=7386#primaryimage\"},\"image\":{\"@id\":\"https:\\\/\\\/vde.utalca.cl\\\/?p=7386#primaryimage\"},\"thumbnailUrl\":\"https:\\\/\\\/vde.utalca.cl\\\/wp-content\\\/uploads\\\/2021\\\/03\\\/noticia3.png\",\"datePublished\":\"2021-10-15T17:47:50+00:00\",\"dateModified\":\"2025-05-30T01:05:16+00:00\",\"breadcrumb\":{\"@id\":\"https:\\\/\\\/vde.utalca.cl\\\/?p=7386#breadcrumb\"},\"inLanguage\":\"es-CL\",\"potentialAction\":[{\"@type\":\"ReadAction\",\"target\":[\"https:\\\/\\\/vde.utalca.cl\\\/?p=7386\"]}]},{\"@type\":\"ImageObject\",\"inLanguage\":\"es-CL\",\"@id\":\"https:\\\/\\\/vde.utalca.cl\\\/?p=7386#primaryimage\",\"url\":\"https:\\\/\\\/vde.utalca.cl\\\/wp-content\\\/uploads\\\/2021\\\/03\\\/noticia3.png\",\"contentUrl\":\"https:\\\/\\\/vde.utalca.cl\\\/wp-content\\\/uploads\\\/2021\\\/03\\\/noticia3.png\",\"width\":364,\"height\":290},{\"@type\":\"BreadcrumbList\",\"@id\":\"https:\\\/\\\/vde.utalca.cl\\\/?p=7386#breadcrumb\",\"itemListElement\":[{\"@type\":\"ListItem\",\"position\":1,\"name\":\"Portada\",\"item\":\"https:\\\/\\\/vde.utalca.cl\\\/\"},{\"@type\":\"ListItem\",\"position\":2,\"name\":\"Utalinos\\\/as lideran inscripciones en concurso de los ODS\"}]},{\"@type\":\"WebSite\",\"@id\":\"https:\\\/\\\/vde.utalca.cl\\\/#website\",\"url\":\"https:\\\/\\\/vde.utalca.cl\\\/\",\"name\":\"Vicerrector\u00eda de Desarrollo Estudiantil\",\"description\":\"Universidad de Talca\",\"publisher\":{\"@id\":\"https:\\\/\\\/vde.utalca.cl\\\/#organization\"},\"potentialAction\":[{\"@type\":\"SearchAction\",\"target\":{\"@type\":\"EntryPoint\",\"urlTemplate\":\"https:\\\/\\\/vde.utalca.cl\\\/?s={search_term_string}\"},\"query-input\":{\"@type\":\"PropertyValueSpecification\",\"valueRequired\":true,\"valueName\":\"search_term_string\"}}],\"inLanguage\":\"es-CL\"},{\"@type\":\"Organization\",\"@id\":\"https:\\\/\\\/vde.utalca.cl\\\/#organization\",\"name\":\"Vicerrector\u00eda de Desarrollo Estudiantil\",\"url\":\"https:\\\/\\\/vde.utalca.cl\\\/\",\"logo\":{\"@type\":\"ImageObject\",\"inLanguage\":\"es-CL\",\"@id\":\"https:\\\/\\\/vde.utalca.cl\\\/#\\\/schema\\\/logo\\\/image\\\/\",\"url\":\"https:\\\/\\\/vde.utalca.cl\\\/wp-content\\\/uploads\\\/2026\\\/03\\\/Logotipo_header_VDE.png\",\"contentUrl\":\"https:\\\/\\\/vde.utalca.cl\\\/wp-content\\\/uploads\\\/2026\\\/03\\\/Logotipo_header_VDE.png\",\"width\":300,\"height\":91,\"caption\":\"Vicerrector\u00eda de Desarrollo Estudiantil\"},\"image\":{\"@id\":\"https:\\\/\\\/vde.utalca.cl\\\/#\\\/schema\\\/logo\\\/image\\\/\"},\"sameAs\":[\"https:\\\/\\\/www.instagram.com\\\/vde.utalca\\\/?hl=es\"]},{\"@type\":\"Person\",\"@id\":\"https:\\\/\\\/vde.utalca.cl\\\/#\\\/schema\\\/person\\\/e8cf0bbae2d3581ba7f66b91f0eacb3f\",\"name\":\"comunicaciones\",\"image\":{\"@type\":\"ImageObject\",\"inLanguage\":\"es-CL\",\"@id\":\"https:\\\/\\\/secure.gravatar.com\\\/avatar\\\/03c99955bc00670ae713f967376c88848a9f1e279cea8b858ab05dbc5af75524?s=96&d=mm&r=g\",\"url\":\"https:\\\/\\\/secure.gravatar.com\\\/avatar\\\/03c99955bc00670ae713f967376c88848a9f1e279cea8b858ab05dbc5af75524?s=96&d=mm&r=g\",\"contentUrl\":\"https:\\\/\\\/secure.gravatar.com\\\/avatar\\\/03c99955bc00670ae713f967376c88848a9f1e279cea8b858ab05dbc5af75524?s=96&d=mm&r=g\",\"caption\":\"comunicaciones\"},\"url\":\"https:\\\/\\\/vde.utalca.cl\\\/?author=1\"}]}<\/script>\n<!-- \/ Yoast SEO plugin. -->","yoast_head_json":{"title":"Utalinos\/as lideran inscripciones en concurso de los ODS - Vicerrector\u00eda de Desarrollo Estudiantil","robots":{"index":"index","follow":"follow","max-snippet":"max-snippet:-1","max-image-preview":"max-image-preview:large","max-video-preview":"max-video-preview:-1"},"canonical":"https:\/\/vde.utalca.cl\/?p=7386","og_locale":"es_ES","og_type":"article","og_title":"Utalinos\/as lideran inscripciones en concurso de los ODS - Vicerrector\u00eda de Desarrollo Estudiantil","og_description":"Alumnos\/as de la Universidad de Talca lideran a nivel nacional las postulaciones al Programa Explorer, iniciativa del Banco Santander que por primera vez en Chile abri\u00f3 la posibilidad para que j\u00f3venes emprendedores presenten ideas que ayuden a avanzar en el","og_url":"https:\/\/vde.utalca.cl\/?p=7386","og_site_name":"Vicerrector\u00eda de Desarrollo Estudiantil","article_published_time":"2021-10-15T17:47:50+00:00","article_modified_time":"2025-05-30T01:05:16+00:00","og_image":[{"width":364,"height":290,"url":"https:\/\/vde.utalca.cl\/wp-content\/uploads\/2021\/03\/noticia3.png","type":"image\/png"}],"author":"comunicaciones","twitter_card":"summary_large_image","twitter_misc":{"Escrito por":"comunicaciones","Tiempo estimado de lectura":"2 minutos"},"schema":{"@context":"https:\/\/schema.org","@graph":[{"@type":"Article","@id":"https:\/\/vde.utalca.cl\/?p=7386#article","isPartOf":{"@id":"https:\/\/vde.utalca.cl\/?p=7386"},"author":{"name":"comunicaciones","@id":"https:\/\/vde.utalca.cl\/#\/schema\/person\/e8cf0bbae2d3581ba7f66b91f0eacb3f"},"headline":"Utalinos\/as lideran inscripciones en concurso de los ODS","datePublished":"2021-10-15T17:47:50+00:00","dateModified":"2025-05-30T01:05:16+00:00","mainEntityOfPage":{"@id":"https:\/\/vde.utalca.cl\/?p=7386"},"wordCount":493,"publisher":{"@id":"https:\/\/vde.utalca.cl\/#organization"},"image":{"@id":"https:\/\/vde.utalca.cl\/?p=7386#primaryimage"},"thumbnailUrl":"https:\/\/vde.utalca.cl\/wp-content\/uploads\/2021\/03\/noticia3.png","articleSection":["Noticias"],"inLanguage":"es-CL"},{"@type":"WebPage","@id":"https:\/\/vde.utalca.cl\/?p=7386","url":"https:\/\/vde.utalca.cl\/?p=7386","name":"Utalinos\/as lideran inscripciones en concurso de los ODS - Vicerrector\u00eda de Desarrollo Estudiantil","isPartOf":{"@id":"https:\/\/vde.utalca.cl\/#website"},"primaryImageOfPage":{"@id":"https:\/\/vde.utalca.cl\/?p=7386#primaryimage"},"image":{"@id":"https:\/\/vde.utalca.cl\/?p=7386#primaryimage"},"thumbnailUrl":"https:\/\/vde.utalca.cl\/wp-content\/uploads\/2021\/03\/noticia3.png","datePublished":"2021-10-15T17:47:50+00:00","dateModified":"2025-05-30T01:05:16+00:00","breadcrumb":{"@id":"https:\/\/vde.utalca.cl\/?p=7386#breadcrumb"},"inLanguage":"es-CL","potentialAction":[{"@type":"ReadAction","target":["https:\/\/vde.utalca.cl\/?p=7386"]}]},{"@type":"ImageObject","inLanguage":"es-CL","@id":"https:\/\/vde.utalca.cl\/?p=7386#primaryimage","url":"https:\/\/vde.utalca.cl\/wp-content\/uploads\/2021\/03\/noticia3.png","contentUrl":"https:\/\/vde.utalca.cl\/wp-content\/uploads\/2021\/03\/noticia3.png","width":364,"height":290},{"@type":"BreadcrumbList","@id":"https:\/\/vde.utalca.cl\/?p=7386#breadcrumb","itemListElement":[{"@type":"ListItem","position":1,"name":"Portada","item":"https:\/\/vde.utalca.cl\/"},{"@type":"ListItem","position":2,"name":"Utalinos\/as lideran inscripciones en concurso de los ODS"}]},{"@type":"WebSite","@id":"https:\/\/vde.utalca.cl\/#website","url":"https:\/\/vde.utalca.cl\/","name":"Vicerrector\u00eda de Desarrollo Estudiantil","description":"Universidad de Talca","publisher":{"@id":"https:\/\/vde.utalca.cl\/#organization"},"potentialAction":[{"@type":"SearchAction","target":{"@type":"EntryPoint","urlTemplate":"https:\/\/vde.utalca.cl\/?s={search_term_string}"},"query-input":{"@type":"PropertyValueSpecification","valueRequired":true,"valueName":"search_term_string"}}],"inLanguage":"es-CL"},{"@type":"Organization","@id":"https:\/\/vde.utalca.cl\/#organization","name":"Vicerrector\u00eda de Desarrollo Estudiantil","url":"https:\/\/vde.utalca.cl\/","logo":{"@type":"ImageObject","inLanguage":"es-CL","@id":"https:\/\/vde.utalca.cl\/#\/schema\/logo\/image\/","url":"https:\/\/vde.utalca.cl\/wp-content\/uploads\/2026\/03\/Logotipo_header_VDE.png","contentUrl":"https:\/\/vde.utalca.cl\/wp-content\/uploads\/2026\/03\/Logotipo_header_VDE.png","width":300,"height":91,"caption":"Vicerrector\u00eda de Desarrollo Estudiantil"},"image":{"@id":"https:\/\/vde.utalca.cl\/#\/schema\/logo\/image\/"},"sameAs":["https:\/\/www.instagram.com\/vde.utalca\/?hl=es"]},{"@type":"Person","@id":"https:\/\/vde.utalca.cl\/#\/schema\/person\/e8cf0bbae2d3581ba7f66b91f0eacb3f","name":"comunicaciones","image":{"@type":"ImageObject","inLanguage":"es-CL","@id":"https:\/\/secure.gravatar.com\/avatar\/03c99955bc00670ae713f967376c88848a9f1e279cea8b858ab05dbc5af75524?s=96&d=mm&r=g","url":"https:\/\/secure.gravatar.com\/avatar\/03c99955bc00670ae713f967376c88848a9f1e279cea8b858ab05dbc5af75524?s=96&d=mm&r=g","contentUrl":"https:\/\/secure.gravatar.com\/avatar\/03c99955bc00670ae713f967376c88848a9f1e279cea8b858ab05dbc5af75524?s=96&d=mm&r=g","caption":"comunicaciones"},"url":"https:\/\/vde.utalca.cl\/?author=1"}]}},"_links":{"self":[{"href":"https:\/\/vde.utalca.cl\/index.php?rest_route=\/wp\/v2\/posts\/7386","targetHints":{"allow":["GET"]}}],"collection":[{"href":"https:\/\/vde.utalca.cl\/index.php?rest_route=\/wp\/v2\/posts"}],"about":[{"href":"https:\/\/vde.utalca.cl\/index.php?rest_route=\/wp\/v2\/types\/post"}],"author":[{"embeddable":true,"href":"https:\/\/vde.utalca.cl\/index.php?rest_route=\/wp\/v2\/users\/1"}],"replies":[{"embeddable":true,"href":"https:\/\/vde.utalca.cl\/index.php?rest_route=%2Fwp%2Fv2%2Fcomments&post=7386"}],"version-history":[{"count":3,"href":"https:\/\/vde.utalca.cl\/index.php?rest_route=\/wp\/v2\/posts\/7386\/revisions"}],"predecessor-version":[{"id":8742,"href":"https:\/\/vde.utalca.cl\/index.php?rest_route=\/wp\/v2\/posts\/7386\/revisions\/8742"}],"wp:featuredmedia":[{"embeddable":true,"href":"https:\/\/vde.utalca.cl\/index.php?rest_route=\/wp\/v2\/media\/7375"}],"wp:attachment":[{"href":"https:\/\/vde.utalca.cl\/index.php?rest_route=%2Fwp%2Fv2%2Fmedia&parent=7386"}],"wp:term":[{"taxonomy":"category","embeddable":true,"href":"https:\/\/vde.utalca.cl\/index.php?rest_route=%2Fwp%2Fv2%2Fcategories&post=7386"},{"taxonomy":"post_tag","embeddable":true,"href":"https:\/\/vde.utalca.cl\/index.php?rest_route=%2Fwp%2Fv2%2Ftags&post=7386"}],"curies":[{"name":"wp","href":"https:\/\/api.w.org\/{rel}","templated":true}]}}